{"id":2422,"date":"2026-02-05T16:22:31","date_gmt":"2026-02-05T14:22:31","guid":{"rendered":"https:\/\/chemnitz-familie.de\/?p=2422"},"modified":"2026-02-05T16:23:21","modified_gmt":"2026-02-05T14:23:21","slug":"kinderrechte-ausstellung-kommt-nach-chemnitz","status":"publish","type":"post","link":"https:\/\/chemnitz-familie.de\/?p=2422","title":{"rendered":"Kinderrechte-Ausstellung kommt nach Chemnitz"},"content":{"rendered":"<p><span style=\"font-size: medium;\">Die Kinderrechte-Ausstellung des Bundesministeriums f\u00fcr Bildung, Familien, Senioren, Frauen und Jugend kommt nach Chemnitz. Vom 19. Februar bis 13. M\u00e4rz 2026 k\u00f6nnen sich Kinder und Jugendliche ebenso wie Eltern, p\u00e4dagogische Fachkr\u00e4fte und alle Interessierten \u00fcber die wichtigsten Kinderrechte informieren und sich mit ihnen besch\u00e4ftigen. Spielerisch und interaktiv werden die 10 wichtigsten Kinderrechte erkl\u00e4rt.<\/span><\/p>\n<p><span style=\"font-size: medium;\"><br \/>\nMehr erfahren:<br \/>\n<a href=\"https:\/\/www.solaris-fzu.de\/aktuelles\/aktuelle-informationen\/details\/kinder-haben-rechte-ausstellung-kommt-nach-chemnitz.html\" target=\"_blank\" rel=\"noopener\">&#8222;Kinder haben Rechte&#8220; &#8211; Ausstellung kommt nach Chemnitz<\/a><br \/>\n<a href=\"https:\/\/www.solaris-fzu.de\/fileadmin\/redaktion\/FZU\/Einrichtungen\/Jugendwerkstaetten\/2026_Aushang_Kinderrechte-Ausstellung.pdf\" target=\"_blank\" rel=\"noopener\">Aushang Kinderrechte-Ausstellung [PDF]<\/a><\/span><\/p>\n<p>&nbsp;<\/p>\n<p>&nbsp;<\/p>\n<p>&nbsp;<\/p>\n<p>&nbsp;<\/p>\n","protected":false},"excerpt":{"rendered":"<p>Die Kinderrechte-Ausstellung des Bundesministeriums f\u00fcr Bildung, Familien, Senioren, Frauen und Jugend kommt nach Chemnitz. Vom 19. Februar bis 13. M\u00e4rz 2026 k\u00f6nnen sich Kinder und Jugendliche ebenso wie Eltern, p\u00e4dagogische Fachkr\u00e4fte und alle Interessierten \u00fcber die wichtigsten Kinderrechte informieren und sich mit ihnen besch\u00e4ftigen. Spielerisch und interaktiv werden die 10 wichtigsten Kinderrechte erkl\u00e4rt. Mehr erfahren: &#8222;Kinder haben Rechte&#8220; &#8211; Ausstellung kommt nach Chemnitz Aushang Kinderrechte-Ausstellung [PDF] &nbsp; &nbsp; &nbsp; &nbsp;<\/p>\n","protected":false},"author":4,"featured_media":0,"comment_status":"closed","ping_status":"open","sticky":false,"template":"","format":"standard","meta":{"footnotes":""},"categories":[1],"tags":[],"class_list":["post-2422","post","type-post","status-publish","format-standard","hentry","category-allgemein"],"acf":[],"_links":{"self":[{"href":"https:\/\/chemnitz-familie.de\/index.php?rest_route=\/wp\/v2\/posts\/2422","targetHints":{"allow":["GET"]}}],"collection":[{"href":"https:\/\/chemnitz-familie.de\/index.php?rest_route=\/wp\/v2\/posts"}],"about":[{"href":"https:\/\/chemnitz-familie.de\/index.php?rest_route=\/wp\/v2\/types\/post"}],"author":[{"embeddable":true,"href":"https:\/\/chemnitz-familie.de\/index.php?rest_route=\/wp\/v2\/users\/4"}],"replies":[{"embeddable":true,"href":"https:\/\/chemnitz-familie.de\/index.php?rest_route=%2Fwp%2Fv2%2Fcomments&post=2422"}],"version-history":[{"count":3,"href":"https:\/\/chemnitz-familie.de\/index.php?rest_route=\/wp\/v2\/posts\/2422\/revisions"}],"predecessor-version":[{"id":2425,"href":"https:\/\/chemnitz-familie.de\/index.php?rest_route=\/wp\/v2\/posts\/2422\/revisions\/2425"}],"wp:attachment":[{"href":"https:\/\/chemnitz-familie.de\/index.php?rest_route=%2Fwp%2Fv2%2Fmedia&parent=2422"}],"wp:term":[{"taxonomy":"category","embeddable":true,"href":"https:\/\/chemnitz-familie.de\/index.php?rest_route=%2Fwp%2Fv2%2Fcategories&post=2422"},{"taxonomy":"post_tag","embeddable":true,"href":"https:\/\/chemnitz-familie.de\/index.php?rest_route=%2Fwp%2Fv2%2Ftags&post=2422"}],"curies":[{"name":"wp","href":"https:\/\/api.w.org\/{rel}","templated":true}]}}