{"id":1189,"date":"2020-04-17T14:27:24","date_gmt":"2020-04-17T12:27:24","guid":{"rendered":"https:\/\/chemnitz-familie.de\/?p=1189"},"modified":"2020-04-17T14:29:28","modified_gmt":"2020-04-17T12:29:28","slug":"masken-fuer-superhelden-die-checker-fragen-nach","status":"publish","type":"post","link":"https:\/\/chemnitz-familie.de\/?p=1189","title":{"rendered":"Masken f\u00fcr Superhelden \u2013 die Checker fragen nach"},"content":{"rendered":"<p><span style=\"font-size: medium;\"><span style=\"font-family: Calibri;\">Alles dreht sich um nur ein Thema: Die Corona-Krise. Wer kann vielen Fragen auf den Grund gehen? Klar, die Checker. Masken f\u00fcr Superhelden? Checker Tobi und Checker Julian beantworten gemeinsam mit Schildkr\u00f6te Torsten Fragen zum Coronoa-Virus. Warum muss man sich die H\u00e4nde waschen? Checker Can macht den Hygiene-Check. <\/span><\/span><\/p>\n<p><span style=\"font-size: medium;\"><span style=\"font-family: Calibri;\">Checker Tobi \u2013 Masken f\u00fcr Superhelden<br \/>\n&gt; <a href=\"https:\/\/www.br.de\/mediathek\/video\/checker-tobi-beantwortet-fragen-zum-coronavirus-masken-fuer-superhelden-av:5e86df1af08651001a65315a\" target=\"_blank\">Link<\/a> (BR Mediathek)<\/span><\/span><\/p>\n<p><span style=\"font-size: medium;\"><span style=\"font-family: Calibri;\">Checker Tobi + Checker Julian \u2013 Die K\u00f6rperpolizei auf Virenjagd<br \/>\n&gt; <a href=\"https:\/\/www.br.de\/mediathek\/video\/checker-tobi-und-checker-julian-beantworten-fragen-zum-corona-virus-die-koerperpolizei-auf-viren-jagd-av:5e95fcd7d24fed0012cd6d9e\" target=\"_blank\">Link<\/a> (BR Mediathek)<\/span><\/span><\/p>\n<p><span style=\"font-size: medium;\"><span style=\"font-family: Calibri;\">Checker Tobi \u2013 Viren sind Schmarotzer<br \/>\n&gt; <a href=\"https:\/\/www.br.de\/mediathek\/video\/checker-tobi-beantwortet-fragen-zum-corona-virus-viren-sind-schmarotzer-av:5e7ddd2766af2f001a5e83a6\" target=\"_blank\">Link<\/a> (BR Mediathek)<\/span><\/span><\/p>\n<p><span style=\"font-size: medium;\"><span style=\"font-family: Calibri;\">Checker Can \u2013 Der Hygiene-Check<br \/>\n&gt; <a href=\"https:\/\/www.br.de\/mediathek\/video\/checker-can-der-hygiene-check-av:5e7a12badeed17001a373887\" target=\"_blank\">Link<\/a> (BR Mediathek)<\/span><\/span><\/p>\n<p><center><img decoding=\"async\" src=\"https:\/\/chemnitz-familie.de\/wp-content\/uploads\/2020\/04\/20200417-Masken.jpg\" alt=\"\" \/><br \/>\n<span style=\"font-size: medium;\"><span style=\"font-family: Calibri;\"><small>Schutz-Masken k\u00f6nnen in der \u00d6ffentlichkeit vor einer Ansteckung sch\u00fctzen. Foto: Sean Gallup\/Getty Images<\/small><\/span><\/span><\/center><\/p>\n","protected":false},"excerpt":{"rendered":"<p>Alles dreht sich um nur ein Thema: Die Corona-Krise. Wer kann vielen Fragen auf den Grund gehen? Klar, die Checker. Masken f\u00fcr Superhelden? Checker Tobi und Checker Julian beantworten gemeinsam mit Schildkr\u00f6te Torsten Fragen zum Coronoa-Virus. Warum muss man sich die H\u00e4nde waschen? Checker Can macht den Hygiene-Check. Checker Tobi \u2013 Masken f\u00fcr Superhelden &gt; Link (BR Mediathek) Checker Tobi + Checker Julian \u2013 Die K\u00f6rperpolizei auf Virenjagd &gt; Link (BR Mediathek) Checker Tobi \u2013 Viren sind Schmarotzer &gt; Link (BR Mediathek) Checker Can \u2013 Der Hygiene-Check &gt; Link (BR Mediathek) Schutz-Masken k\u00f6nnen in der \u00d6ffentlichkeit vor einer Ansteckung sch\u00fctzen. Foto: Sean Gallup\/Getty Images<\/p>\n","protected":false},"author":5,"featured_media":0,"comment_status":"open","ping_status":"open","sticky":false,"template":"","format":"standard","meta":{"footnotes":""},"categories":[1],"tags":[],"class_list":["post-1189","post","type-post","status-publish","format-standard","hentry","category-allgemein"],"acf":[],"_links":{"self":[{"href":"https:\/\/chemnitz-familie.de\/index.php?rest_route=\/wp\/v2\/posts\/1189","targetHints":{"allow":["GET"]}}],"collection":[{"href":"https:\/\/chemnitz-familie.de\/index.php?rest_route=\/wp\/v2\/posts"}],"about":[{"href":"https:\/\/chemnitz-familie.de\/index.php?rest_route=\/wp\/v2\/types\/post"}],"author":[{"embeddable":true,"href":"https:\/\/chemnitz-familie.de\/index.php?rest_route=\/wp\/v2\/users\/5"}],"replies":[{"embeddable":true,"href":"https:\/\/chemnitz-familie.de\/index.php?rest_route=%2Fwp%2Fv2%2Fcomments&post=1189"}],"version-history":[{"count":4,"href":"https:\/\/chemnitz-familie.de\/index.php?rest_route=\/wp\/v2\/posts\/1189\/revisions"}],"predecessor-version":[{"id":1194,"href":"https:\/\/chemnitz-familie.de\/index.php?rest_route=\/wp\/v2\/posts\/1189\/revisions\/1194"}],"wp:attachment":[{"href":"https:\/\/chemnitz-familie.de\/index.php?rest_route=%2Fwp%2Fv2%2Fmedia&parent=1189"}],"wp:term":[{"taxonomy":"category","embeddable":true,"href":"https:\/\/chemnitz-familie.de\/index.php?rest_route=%2Fwp%2Fv2%2Fcategories&post=1189"},{"taxonomy":"post_tag","embeddable":true,"href":"https:\/\/chemnitz-familie.de\/index.php?rest_route=%2Fwp%2Fv2%2Ftags&post=1189"}],"curies":[{"name":"wp","href":"https:\/\/api.w.org\/{rel}","templated":true}]}}