{"id":1094,"date":"2019-11-07T08:28:42","date_gmt":"2019-11-07T06:28:42","guid":{"rendered":"https:\/\/chemnitz-familie.de\/?p=1094"},"modified":"2019-11-07T08:28:42","modified_gmt":"2019-11-07T06:28:42","slug":"jetzt-sind-sie-mal-dran","status":"publish","type":"post","link":"https:\/\/chemnitz-familie.de\/?p=1094","title":{"rendered":"Jetzt sind Sie mal dran"},"content":{"rendered":"<p><span style=\"font-size: medium;\"><span style=\"font-family: Calibri;\">Die Ein-Eltern-Familie ist die am meisten wachsende Familienform. Dem widmet die Heinrich B\u00f6ll Stiftung Sachsen ihre Aufmerksamkeit und l\u00e4dt an einem Samstagvormittag, dem 30. November 2019 von 10 bis 14 Uhr Alleinerziehende und ihre Kinder in eine Runde mit Imbiss, Improvisationstheater f\u00fcr Kinder und Jugendliche ab 6 Jahren sowie Kinderbetreuung bis 6 Jahre ein. Der vorweihnachtliche Rahmen soll genutzt werden, um mit Alleinerziehenden als Experten\/innen ihres herausfordernden Familienalltags ins Gespr\u00e4ch zu kommen. Ort des Treffens ist das Interdisziplin\u00e4re Fr\u00fchf\u00f6rderzentrum, Brauhausstra\u00dfe 20 in Chemnitz. Die Teilnahme ist kostenfrei. Um Anmeldung wird gebeten.<\/span><\/span><\/p>\n<p><span style=\"font-size: medium;\"><span style=\"font-family: Calibri;\">&gt; Mehr erfahren Sie <a href=\"https:\/\/calendar.boell.de\/de\/event\/jetzt-sind-sie-mal-dran-ein-samstagvormittag-fur-alleinerziehende-und-ihre-kinder\" target=\"_blank\">hier<\/a>.<\/span><\/span><\/p>\n<p><center><a href=\"https:\/\/calendar.boell.de\/de\/event\/jetzt-sind-sie-mal-dran-ein-samstagvormittag-fur-alleinerziehende-und-ihre-kinder\" target=\"_blank\"><img decoding=\"async\" src=\"https:\/\/chemnitz-familie.de\/wp-content\/uploads\/2019\/11\/20191107-JetztsindSiemaldran.jpg\" alt=\"\" \/><\/a><\/center><\/p>\n","protected":false},"excerpt":{"rendered":"<p>Die Ein-Eltern-Familie ist die am meisten wachsende Familienform. Dem widmet die Heinrich B\u00f6ll Stiftung Sachsen ihre Aufmerksamkeit und l\u00e4dt an einem Samstagvormittag, dem 30. November 2019 von 10 bis 14 Uhr Alleinerziehende und ihre Kinder in eine Runde mit Imbiss, Improvisationstheater f\u00fcr Kinder und Jugendliche ab 6 Jahren sowie Kinderbetreuung bis 6 Jahre ein. Der vorweihnachtliche Rahmen soll genutzt werden, um mit Alleinerziehenden als Experten\/innen ihres herausfordernden Familienalltags ins Gespr\u00e4ch zu kommen. Ort des Treffens ist das Interdisziplin\u00e4re Fr\u00fchf\u00f6rderzentrum, Brauhausstra\u00dfe 20 in Chemnitz. Die Teilnahme ist kostenfrei. Um Anmeldung wird gebeten. &gt; Mehr erfahren Sie hier.<\/p>\n","protected":false},"author":5,"featured_media":0,"comment_status":"open","ping_status":"open","sticky":false,"template":"","format":"standard","meta":{"footnotes":""},"categories":[1],"tags":[],"class_list":["post-1094","post","type-post","status-publish","format-standard","hentry","category-allgemein"],"acf":[],"_links":{"self":[{"href":"https:\/\/chemnitz-familie.de\/index.php?rest_route=\/wp\/v2\/posts\/1094","targetHints":{"allow":["GET"]}}],"collection":[{"href":"https:\/\/chemnitz-familie.de\/index.php?rest_route=\/wp\/v2\/posts"}],"about":[{"href":"https:\/\/chemnitz-familie.de\/index.php?rest_route=\/wp\/v2\/types\/post"}],"author":[{"embeddable":true,"href":"https:\/\/chemnitz-familie.de\/index.php?rest_route=\/wp\/v2\/users\/5"}],"replies":[{"embeddable":true,"href":"https:\/\/chemnitz-familie.de\/index.php?rest_route=%2Fwp%2Fv2%2Fcomments&post=1094"}],"version-history":[{"count":2,"href":"https:\/\/chemnitz-familie.de\/index.php?rest_route=\/wp\/v2\/posts\/1094\/revisions"}],"predecessor-version":[{"id":1097,"href":"https:\/\/chemnitz-familie.de\/index.php?rest_route=\/wp\/v2\/posts\/1094\/revisions\/1097"}],"wp:attachment":[{"href":"https:\/\/chemnitz-familie.de\/index.php?rest_route=%2Fwp%2Fv2%2Fmedia&parent=1094"}],"wp:term":[{"taxonomy":"category","embeddable":true,"href":"https:\/\/chemnitz-familie.de\/index.php?rest_route=%2Fwp%2Fv2%2Fcategories&post=1094"},{"taxonomy":"post_tag","embeddable":true,"href":"https:\/\/chemnitz-familie.de\/index.php?rest_route=%2Fwp%2Fv2%2Ftags&post=1094"}],"curies":[{"name":"wp","href":"https:\/\/api.w.org\/{rel}","templated":true}]}}