{"id":1039,"date":"2019-09-09T07:42:13","date_gmt":"2019-09-09T05:42:13","guid":{"rendered":"https:\/\/chemnitz-familie.de\/?p=1039"},"modified":"2019-09-09T07:42:13","modified_gmt":"2019-09-09T05:42:13","slug":"chemnitzer-familien-in-bewegung-2","status":"publish","type":"post","link":"https:\/\/chemnitz-familie.de\/?p=1039","title":{"rendered":"Chemnitzer Familien in Bewegung"},"content":{"rendered":"<p><span style=\"font-size: medium;\"><span style=\"font-family: Calibri;\">Am 22. September 2019 um 14 Uhr treffen sich Chemnitzer Familien mit Kindern bis zum Grundschulalter an der K\u00fcchwaldb\u00fchne. Die Kinder- und Jugendbeauftragte der Stadt Chemnitz l\u00e4dt dort, unterst\u00fctzt von vielen Partnern, zum Wandern mit sportlichen \u00dcbungen ein. Die Aktion findet im Rahmen der Europ\u00e4ischen Sportwoche statt.<\/span><\/span><\/p>\n<p><span style=\"font-size: medium;\"><span style=\"font-family: Calibri;\">&gt; <a href=\"https:\/\/chemnitz-familie.de\/wp-content\/uploads\/2019\/09\/20190922-ChemnitzerFamilieninBewegung.pdf\" target=\"_blank\">Plakat<\/a> (PDF)<\/span><\/span><\/p>\n","protected":false},"excerpt":{"rendered":"<p>Am 22. September 2019 um 14 Uhr treffen sich Chemnitzer Familien mit Kindern bis zum Grundschulalter an der K\u00fcchwaldb\u00fchne. Die Kinder- und Jugendbeauftragte der Stadt Chemnitz l\u00e4dt dort, unterst\u00fctzt von vielen Partnern, zum Wandern mit sportlichen \u00dcbungen ein. Die Aktion findet im Rahmen der Europ\u00e4ischen Sportwoche statt. &gt; Plakat (PDF)<\/p>\n","protected":false},"author":5,"featured_media":0,"comment_status":"open","ping_status":"open","sticky":false,"template":"","format":"standard","meta":{"footnotes":""},"categories":[1],"tags":[],"class_list":["post-1039","post","type-post","status-publish","format-standard","hentry","category-allgemein"],"acf":[],"_links":{"self":[{"href":"https:\/\/chemnitz-familie.de\/index.php?rest_route=\/wp\/v2\/posts\/1039","targetHints":{"allow":["GET"]}}],"collection":[{"href":"https:\/\/chemnitz-familie.de\/index.php?rest_route=\/wp\/v2\/posts"}],"about":[{"href":"https:\/\/chemnitz-familie.de\/index.php?rest_route=\/wp\/v2\/types\/post"}],"author":[{"embeddable":true,"href":"https:\/\/chemnitz-familie.de\/index.php?rest_route=\/wp\/v2\/users\/5"}],"replies":[{"embeddable":true,"href":"https:\/\/chemnitz-familie.de\/index.php?rest_route=%2Fwp%2Fv2%2Fcomments&post=1039"}],"version-history":[{"count":2,"href":"https:\/\/chemnitz-familie.de\/index.php?rest_route=\/wp\/v2\/posts\/1039\/revisions"}],"predecessor-version":[{"id":1042,"href":"https:\/\/chemnitz-familie.de\/index.php?rest_route=\/wp\/v2\/posts\/1039\/revisions\/1042"}],"wp:attachment":[{"href":"https:\/\/chemnitz-familie.de\/index.php?rest_route=%2Fwp%2Fv2%2Fmedia&parent=1039"}],"wp:term":[{"taxonomy":"category","embeddable":true,"href":"https:\/\/chemnitz-familie.de\/index.php?rest_route=%2Fwp%2Fv2%2Fcategories&post=1039"},{"taxonomy":"post_tag","embeddable":true,"href":"https:\/\/chemnitz-familie.de\/index.php?rest_route=%2Fwp%2Fv2%2Ftags&post=1039"}],"curies":[{"name":"wp","href":"https:\/\/api.w.org\/{rel}","templated":true}]}}